{"id":174,"date":"2018-10-30T14:16:38","date_gmt":"2018-10-30T14:16:38","guid":{"rendered":"http:\/\/www.colegiolamerced.edu.co\/con_tacto\/?p=174"},"modified":"2018-10-30T14:16:38","modified_gmt":"2018-10-30T14:16:38","slug":"tecnologia-y-ser-humano-quien-le-sirve-a-quien","status":"publish","type":"post","link":"http:\/\/www.colegiolamerced.edu.co\/con_tacto\/2018\/10\/30\/tecnologia-y-ser-humano-quien-le-sirve-a-quien\/","title":{"rendered":"Tecnolog\u00eda Y Ser Humano, \u00bfQui\u00e9n Le Sirve A Qui\u00e9n?"},"content":{"rendered":"<p>Bien sabemos que el acceso a la informaci\u00f3n de todo tipo est\u00e1 a un clic de distancia, ahora podemos recorrer una biblioteca, solicitar el pr\u00e9stamo de un libro, aprender nuevos idiomas e interactuar con culturas diferentes y muy lejanas, todo sin tener que salir de casa. Contrario a lo que se podr\u00eda haber precedido, todas estas comodidades no nos han convertido en ciudadanos m\u00e1s cultos o mejor informados, por el contrario nos ha llevado por caminos confusos en donde la verdad y el saber se ven desvanecidos por la inmediatez y el facilismo.<\/p>\n<p>As\u00ed mismo, la gran cantidad de herramientas que nos permiten organizar, presentar y manipular contenidos nos hace creer que somos una sociedad m\u00e1s creativa, que al tener tantos recursos podemos llegar a soluciones m\u00e1s eficientes a la diversidad de problemas que se nos presentan. Pero no ha sido as\u00ed, el desborde de herramientas a\u00fan exige que el ser se dedique a aprender sobre \u00e9stas, desafortunadamente la disciplina y la paciencia son capacidades de las que nuestras nuevas generaciones carecen.<\/p>\n<p>Con una sociedad sumida en la ilusi\u00f3n de la informaci\u00f3n y la tecnolog\u00eda, la reflexi\u00f3n del docente del \u00e1rea de inform\u00e1tica inicia con un pensamiento: podemos tener un computador de avanzada, con aplicaciones sorprendentes en cuanto a manejo de color, animaci\u00f3n o contenido pero, si no ense\u00f1amos a nuestras estudiantes acerca de c\u00f3mo sacar el mayor potencial de las herramientas \u00e9stas convierten en simples objetos suntuosos quedando sometidas a la subutilizaci\u00f3n.<\/p>\n<p>La lucha diaria en La Merced en el campo de la inform\u00e1tica, es un reto entre tecnolog\u00eda \u2013 cerebro, donde se conceden espacios para plantear problemas que permitan ver de qu\u00e9 es capaz el ser humano cuando busca soluciones precisas. As\u00ed se le da sentido a las herramientas, de all\u00ed que <strong><em>no hay tecnolog\u00eda que pueda ser provechosa sin la mano creativa del hombre para usarla<\/em><\/strong>.<\/p>\n<p>La transformaci\u00f3n social que como instituci\u00f3n educativa hemos buscado, involucra adem\u00e1s una revoluci\u00f3n en la forma de ver la tecnolog\u00eda como un desarrollo del y para el hombre que no lo esclavice ni lo condene, que lo libere en pensamiento y le permita desarrollar todo su potencial, que nos siga asombrando cada vez m\u00e1s pero que su impacto no desplace las capacidades inigualables del ser.<\/p>\n<p style=\"text-align: right;\"><strong><em>Por: Rosa Patricia \u00c1ngel <\/em><\/strong><br \/>\n<strong><em>Docente de Inform\u00e1tica JT<\/em> <\/strong><\/p>\n","protected":false},"excerpt":{"rendered":"<p>Bien sabemos que el acceso a la informaci\u00f3n de todo tipo est\u00e1 a un clic de distancia, ahora podemos recorrer una biblioteca, solicitar el pr\u00e9stamo de un libro, aprender nuevos idiomas e interactuar con culturas diferentes y muy lejanas, todo sin tener que salir de casa. Contrario a lo que se podr\u00eda haber precedido, todas [&hellip;]<\/p>\n","protected":false},"author":1,"featured_media":0,"comment_status":"open","ping_status":"open","sticky":false,"template":"","format":"standard","meta":{"footnotes":""},"categories":[14],"tags":[],"class_list":["post-174","post","type-post","status-publish","format-standard","hentry","category-ciencia-y-tecnologia"],"_links":{"self":[{"href":"http:\/\/www.colegiolamerced.edu.co\/con_tacto\/wp-json\/wp\/v2\/posts\/174","targetHints":{"allow":["GET"]}}],"collection":[{"href":"http:\/\/www.colegiolamerced.edu.co\/con_tacto\/wp-json\/wp\/v2\/posts"}],"about":[{"href":"http:\/\/www.colegiolamerced.edu.co\/con_tacto\/wp-json\/wp\/v2\/types\/post"}],"author":[{"embeddable":true,"href":"http:\/\/www.colegiolamerced.edu.co\/con_tacto\/wp-json\/wp\/v2\/users\/1"}],"replies":[{"embeddable":true,"href":"http:\/\/www.colegiolamerced.edu.co\/con_tacto\/wp-json\/wp\/v2\/comments?post=174"}],"version-history":[{"count":1,"href":"http:\/\/www.colegiolamerced.edu.co\/con_tacto\/wp-json\/wp\/v2\/posts\/174\/revisions"}],"predecessor-version":[{"id":175,"href":"http:\/\/www.colegiolamerced.edu.co\/con_tacto\/wp-json\/wp\/v2\/posts\/174\/revisions\/175"}],"wp:attachment":[{"href":"http:\/\/www.colegiolamerced.edu.co\/con_tacto\/wp-json\/wp\/v2\/media?parent=174"}],"wp:term":[{"taxonomy":"category","embeddable":true,"href":"http:\/\/www.colegiolamerced.edu.co\/con_tacto\/wp-json\/wp\/v2\/categories?post=174"},{"taxonomy":"post_tag","embeddable":true,"href":"http:\/\/www.colegiolamerced.edu.co\/con_tacto\/wp-json\/wp\/v2\/tags?post=174"}],"curies":[{"name":"wp","href":"https:\/\/api.w.org\/{rel}","templated":true}]}}